{"id":520,"date":"2024-08-24T06:58:25","date_gmt":"2024-08-24T06:58:25","guid":{"rendered":"http:\/\/www.agvet.cz\/?p=520"},"modified":"2024-08-24T06:58:25","modified_gmt":"2024-08-24T06:58:25","slug":"26-8-30-8-2024-zavreno-z-duvodu-vzdelavaci-staze","status":"publish","type":"post","link":"https:\/\/www.agvet.cz\/index.php\/2024\/08\/24\/26-8-30-8-2024-zavreno-z-duvodu-vzdelavaci-staze\/","title":{"rendered":"26.8. &#8211; 30.8. 2024 zav\u0159eno z d\u016fvodu vzd\u011bl\u00e1vac\u00ed st\u00e1\u017ee"},"content":{"rendered":"","protected":false},"excerpt":{"rendered":"","protected":false},"author":1,"featured_media":0,"comment_status":"closed","ping_status":"","sticky":false,"template":"","format":"standard","meta":{"footnotes":""},"categories":[1],"tags":[],"class_list":["post-520","post","type-post","status-publish","format-standard","hentry","category-uncategorized","without-featured-image"],"_links":{"self":[{"href":"https:\/\/www.agvet.cz\/index.php\/wp-json\/wp\/v2\/posts\/520","targetHints":{"allow":["GET"]}}],"collection":[{"href":"https:\/\/www.agvet.cz\/index.php\/wp-json\/wp\/v2\/posts"}],"about":[{"href":"https:\/\/www.agvet.cz\/index.php\/wp-json\/wp\/v2\/types\/post"}],"author":[{"embeddable":true,"href":"https:\/\/www.agvet.cz\/index.php\/wp-json\/wp\/v2\/users\/1"}],"replies":[{"embeddable":true,"href":"https:\/\/www.agvet.cz\/index.php\/wp-json\/wp\/v2\/comments?post=520"}],"version-history":[{"count":1,"href":"https:\/\/www.agvet.cz\/index.php\/wp-json\/wp\/v2\/posts\/520\/revisions"}],"predecessor-version":[{"id":521,"href":"https:\/\/www.agvet.cz\/index.php\/wp-json\/wp\/v2\/posts\/520\/revisions\/521"}],"wp:attachment":[{"href":"https:\/\/www.agvet.cz\/index.php\/wp-json\/wp\/v2\/media?parent=520"}],"wp:term":[{"taxonomy":"category","embeddable":true,"href":"https:\/\/www.agvet.cz\/index.php\/wp-json\/wp\/v2\/categories?post=520"},{"taxonomy":"post_tag","embeddable":true,"href":"https:\/\/www.agvet.cz\/index.php\/wp-json\/wp\/v2\/tags?post=520"}],"curies":[{"name":"wp","href":"https:\/\/api.w.org\/{rel}","templated":true}]}}